
			
				

					
				

			
		{"items":"\n\t\t\t\t\t\t\t\t\t\t\t\n<article id=\"post-10868\" class=\"wd-post blog-design-masonry blog-post-loop blog-style-bg wd-add-shadow wd-col post-10868 post type-post status-publish format-standard has-post-thumbnail hentry category-blog\">\n\t<div class=\"article-inner\">\n\t\t<header class=\"entry-header\">\n\t\t\t\t\t\t\t<figure class=\"entry-thumbnail\">\n\t\t\t\t\t\t\t\t\t\t\t<div class=\"post-img-wrapp\">\n\t\t\t\t\t\t\t<a href=\"https:\/\/laboravitalips.co\/5-senales-de-que-podrias-necesitar-lentes-para-conducir\/\">\n\t\t\t\t\t\t\t\t<img width=\"1000\" height=\"600\" src=\"https:\/\/laboravitalips.co\/wp-content\/uploads\/2026\/05\/senales-necesita-lentes-para-conducir.jpg\" class=\"attachment-large size-large\" alt=\"\" decoding=\"async\" fetchpriority=\"high\" \/>\t\t\t\t\t\t\t<\/a>\n\t\t\t\t\t\t<\/div>\n\t\t\t\t\t\t<div class=\"post-image-mask\">\n\t\t\t\t\t\t\t<span><\/span>\n\t\t\t\t\t\t<\/div>\n\t\t\t\t\t\t\t\t\t<\/figure>\n\t\t\t\n\t\t\t\t\t\t<div class=\"wd-post-date wd-style-with-bg\">\n\t\t\t\t<span class=\"post-date-day\">\n\t\t\t\t\t29\t\t\t\t<\/span>\n\t\t\t\t<span class=\"post-date-month\">\n\t\t\t\t\tMay\t\t\t\t<\/span>\n\t\t\t<\/div>\n\t\t\t\t<\/header>\n\n\t\t<div class=\"article-body-container\">\n\t\t\t\t\t\t\t<div class=\"meta-categories-wrapp\">\n\t\t\t\t\t<div class=\"meta-post-categories wd-post-cat wd-style-with-bg\">\n\t\t\t\t\t\t<a href=\"https:\/\/laboravitalips.co\/category\/blog\/\" rel=\"category tag\">Novedades<\/a>\t\t\t\t\t<\/div>\n\t\t\t\t<\/div>\n\t\t\t\n\t\t\t\t\t\t\t<h3 class=\"wd-entities-title title post-title\">\n\t\t\t\t\t<a href=\"https:\/\/laboravitalips.co\/5-senales-de-que-podrias-necesitar-lentes-para-conducir\/\" rel=\"bookmark\">5 se\u00f1ales de que podr\u00edas necesitar lentes para conducir<\/a>\n\t\t\t\t<\/h3>\n\t\t\t\n\t\t\t\t\t\t\t<div class=\"entry-meta wd-entry-meta\">\n\t\t\t\t\t\t\t\t<ul class=\"entry-meta-list\">\n\t\t\t\t\t\t\t\t\t<li class=\"modified-date\">\n\t\t\t\t\t\t\t\t<time class=\"updated\" datetime=\"2026-05-20T14:36:44-05:00\">\n\t\t\t20 de mayo de 2026\t\t<\/time>\n\t\t\t\t\t\t\t<\/li>\n\n\t\t\t\t\t\n\t\t\t\t\t\t\t\t\t\t\t<li class=\"meta-author\">\n\t\t\t\t\t\t\t\t\t\t\t\t<span>Por<\/span>\n\t\t\n\t\t\t\t\t<img alt='author-avatar' src='https:\/\/laboravitalips.co\/wp-content\/litespeed\/avatar\/65754fe80852177a35a063578ea07539.jpg?ver=1787730142' srcset='https:\/\/laboravitalips.co\/wp-content\/litespeed\/avatar\/b55973edca69601e311408762e1d7afd.jpg?ver=1787730142 2x' class='avatar avatar-32 photo' height='32' width='32' decoding='async'\/>\t\t\n\t\t<a href=\"https:\/\/laboravitalips.co\/author\/nubetec\/\" class=\"author\" rel=\"author\">nubetec<\/a>\n\t\t\t\t\t\t\t\t<\/li>\n\t\t\t\t\t\n\t\t\t\t\t\n\t\t\t\t\t\t\t\t\t\t\t\t<\/ul>\n\t\t\t\t\t\t<\/div>\n\t\t\t\t\t\t\t\n\t\t\t\t\t\t\t\t\t\t\t\t<div class=\"entry-content wd-post-desc\">\n\t\t\t\t\t\tConducir exige mucho m\u00e1s que saber manejar un veh\u00edculo. La capacidad visual influye directamente en el tiempo de reacci\u00f3n, la lectura d...\t\t\t\t\t<\/div>\n\t\t\t\t\n\t\t\t\t\t\t\t\t\t\t\t\t\t\t<p class=\"read-more-section\">\n\t\t\t\t\t\t<a class=\"btn-read-more more-link\" href=\"https:\/\/laboravitalips.co\/5-senales-de-que-podrias-necesitar-lentes-para-conducir\/\">Continuar leyendo<\/a>\t\t\t\t\t<\/p>\n\t\t\t\t\t\t\t\t\t\t\t\t\t<\/div>\n\t<\/div>\n<\/article>\n\n\t\t\t\t\t\t\t\t\t\t\t\n<article id=\"post-10867\" class=\"wd-post blog-design-masonry blog-post-loop blog-style-bg wd-add-shadow wd-col post-10867 post type-post status-publish format-standard has-post-thumbnail hentry category-blog\">\n\t<div class=\"article-inner\">\n\t\t<header class=\"entry-header\">\n\t\t\t\t\t\t\t<figure class=\"entry-thumbnail\">\n\t\t\t\t\t\t\t\t\t\t\t<div class=\"post-img-wrapp\">\n\t\t\t\t\t\t\t<a href=\"https:\/\/laboravitalips.co\/examenes-medicos-para-empleadas-domesticas-personal-de-aseo-y-oficios-varios\/\">\n\t\t\t\t\t\t\t\t<img width=\"1000\" height=\"600\" src=\"https:\/\/laboravitalips.co\/wp-content\/uploads\/2026\/05\/Examenes-medicos-para-empleadas-domesticas.jpg\" class=\"attachment-large size-large\" alt=\"\" decoding=\"async\" \/>\t\t\t\t\t\t\t<\/a>\n\t\t\t\t\t\t<\/div>\n\t\t\t\t\t\t<div class=\"post-image-mask\">\n\t\t\t\t\t\t\t<span><\/span>\n\t\t\t\t\t\t<\/div>\n\t\t\t\t\t\t\t\t\t<\/figure>\n\t\t\t\n\t\t\t\t\t\t<div class=\"wd-post-date wd-style-with-bg\">\n\t\t\t\t<span class=\"post-date-day\">\n\t\t\t\t\t22\t\t\t\t<\/span>\n\t\t\t\t<span class=\"post-date-month\">\n\t\t\t\t\tMay\t\t\t\t<\/span>\n\t\t\t<\/div>\n\t\t\t\t<\/header>\n\n\t\t<div class=\"article-body-container\">\n\t\t\t\t\t\t\t<div class=\"meta-categories-wrapp\">\n\t\t\t\t\t<div class=\"meta-post-categories wd-post-cat wd-style-with-bg\">\n\t\t\t\t\t\t<a href=\"https:\/\/laboravitalips.co\/category\/blog\/\" rel=\"category tag\">Novedades<\/a>\t\t\t\t\t<\/div>\n\t\t\t\t<\/div>\n\t\t\t\n\t\t\t\t\t\t\t<h3 class=\"wd-entities-title title post-title\">\n\t\t\t\t\t<a href=\"https:\/\/laboravitalips.co\/examenes-medicos-para-empleadas-domesticas-personal-de-aseo-y-oficios-varios\/\" rel=\"bookmark\">Ex\u00e1menes m\u00e9dicos para empleadas dom\u00e9sticas, personal de aseo y oficios varios<\/a>\n\t\t\t\t<\/h3>\n\t\t\t\n\t\t\t\t\t\t\t<div class=\"entry-meta wd-entry-meta\">\n\t\t\t\t\t\t\t\t<ul class=\"entry-meta-list\">\n\t\t\t\t\t\t\t\t\t<li class=\"modified-date\">\n\t\t\t\t\t\t\t\t<time class=\"updated\" datetime=\"2026-05-20T14:37:17-05:00\">\n\t\t\t20 de mayo de 2026\t\t<\/time>\n\t\t\t\t\t\t\t<\/li>\n\n\t\t\t\t\t\n\t\t\t\t\t\t\t\t\t\t\t<li class=\"meta-author\">\n\t\t\t\t\t\t\t\t\t\t\t\t<span>Por<\/span>\n\t\t\n\t\t\t\t\t<img alt='author-avatar' src='https:\/\/laboravitalips.co\/wp-content\/litespeed\/avatar\/65754fe80852177a35a063578ea07539.jpg?ver=1787730142' srcset='https:\/\/laboravitalips.co\/wp-content\/litespeed\/avatar\/b55973edca69601e311408762e1d7afd.jpg?ver=1787730142 2x' class='avatar avatar-32 photo' height='32' width='32' loading='lazy' decoding='async'\/>\t\t\n\t\t<a href=\"https:\/\/laboravitalips.co\/author\/nubetec\/\" class=\"author\" rel=\"author\">nubetec<\/a>\n\t\t\t\t\t\t\t\t<\/li>\n\t\t\t\t\t\n\t\t\t\t\t\n\t\t\t\t\t\t\t\t\t\t\t\t<\/ul>\n\t\t\t\t\t\t<\/div>\n\t\t\t\t\t\t\t\n\t\t\t\t\t\t\t\t\t\t\t\t<div class=\"entry-content wd-post-desc\">\n\t\t\t\t\t\tContratar personal para labores dom\u00e9sticas, aseo o servicios generales implica responsabilidades que van m\u00e1s all\u00e1 del acuerdo laboral. ...\t\t\t\t\t<\/div>\n\t\t\t\t\n\t\t\t\t\t\t\t\t\t\t\t\t\t\t<p class=\"read-more-section\">\n\t\t\t\t\t\t<a class=\"btn-read-more more-link\" href=\"https:\/\/laboravitalips.co\/examenes-medicos-para-empleadas-domesticas-personal-de-aseo-y-oficios-varios\/\">Continuar leyendo<\/a>\t\t\t\t\t<\/p>\n\t\t\t\t\t\t\t\t\t\t\t\t\t<\/div>\n\t<\/div>\n<\/article>\n\n\t\t\t\t\t\t\t\t\t\t\t\n<article id=\"post-10791\" class=\"wd-post blog-design-masonry blog-post-loop blog-style-bg wd-add-shadow wd-col post-10791 post type-post status-publish format-standard has-post-thumbnail hentry category-blog\">\n\t<div class=\"article-inner\">\n\t\t<header class=\"entry-header\">\n\t\t\t\t\t\t\t<figure class=\"entry-thumbnail\">\n\t\t\t\t\t\t\t\t\t\t\t<div class=\"post-img-wrapp\">\n\t\t\t\t\t\t\t<a href=\"https:\/\/laboravitalips.co\/examenes-medicos-ocupacionales-en-medellin-que-examenes-exige-la-empresa-cuanto-tardan-y-como-elegir-una-ips\/\">\n\t\t\t\t\t\t\t\t<img width=\"1000\" height=\"600\" src=\"https:\/\/laboravitalips.co\/wp-content\/uploads\/2026\/04\/Que-examenes-medicos-ocupacionales-exige-una-empresa2.jpg\" class=\"attachment-large size-large\" alt=\"\" decoding=\"async\" loading=\"lazy\" \/>\t\t\t\t\t\t\t<\/a>\n\t\t\t\t\t\t<\/div>\n\t\t\t\t\t\t<div class=\"post-image-mask\">\n\t\t\t\t\t\t\t<span><\/span>\n\t\t\t\t\t\t<\/div>\n\t\t\t\t\t\t\t\t\t<\/figure>\n\t\t\t\n\t\t\t\t\t\t<div class=\"wd-post-date wd-style-with-bg\">\n\t\t\t\t<span class=\"post-date-day\">\n\t\t\t\t\t22\t\t\t\t<\/span>\n\t\t\t\t<span class=\"post-date-month\">\n\t\t\t\t\tAbr\t\t\t\t<\/span>\n\t\t\t<\/div>\n\t\t\t\t<\/header>\n\n\t\t<div class=\"article-body-container\">\n\t\t\t\t\t\t\t<div class=\"meta-categories-wrapp\">\n\t\t\t\t\t<div class=\"meta-post-categories wd-post-cat wd-style-with-bg\">\n\t\t\t\t\t\t<a href=\"https:\/\/laboravitalips.co\/category\/blog\/\" rel=\"category tag\">Novedades<\/a>\t\t\t\t\t<\/div>\n\t\t\t\t<\/div>\n\t\t\t\n\t\t\t\t\t\t\t<h3 class=\"wd-entities-title title post-title\">\n\t\t\t\t\t<a href=\"https:\/\/laboravitalips.co\/examenes-medicos-ocupacionales-en-medellin-que-examenes-exige-la-empresa-cuanto-tardan-y-como-elegir-una-ips\/\" rel=\"bookmark\">Ex\u00e1menes m\u00e9dicos ocupacionales en Medell\u00edn: qu\u00e9 ex\u00e1menes exige la empresa, cu\u00e1nto tardan y c\u00f3mo elegir una IPS<\/a>\n\t\t\t\t<\/h3>\n\t\t\t\n\t\t\t\t\t\t\t<div class=\"entry-meta wd-entry-meta\">\n\t\t\t\t\t\t\t\t<ul class=\"entry-meta-list\">\n\t\t\t\t\t\t\t\t\t<li class=\"modified-date\">\n\t\t\t\t\t\t\t\t<time class=\"updated\" datetime=\"2026-04-22T13:05:47-05:00\">\n\t\t\t22 de abril de 2026\t\t<\/time>\n\t\t\t\t\t\t\t<\/li>\n\n\t\t\t\t\t\n\t\t\t\t\t\t\t\t\t\t\t<li class=\"meta-author\">\n\t\t\t\t\t\t\t\t\t\t\t\t<span>Por<\/span>\n\t\t\n\t\t\t\t\t<img alt='author-avatar' src='https:\/\/laboravitalips.co\/wp-content\/litespeed\/avatar\/65754fe80852177a35a063578ea07539.jpg?ver=1787730142' srcset='https:\/\/laboravitalips.co\/wp-content\/litespeed\/avatar\/b55973edca69601e311408762e1d7afd.jpg?ver=1787730142 2x' class='avatar avatar-32 photo' height='32' width='32' loading='lazy' decoding='async'\/>\t\t\n\t\t<a href=\"https:\/\/laboravitalips.co\/author\/nubetec\/\" class=\"author\" rel=\"author\">nubetec<\/a>\n\t\t\t\t\t\t\t\t<\/li>\n\t\t\t\t\t\n\t\t\t\t\t\n\t\t\t\t\t\t\t\t\t\t\t\t<\/ul>\n\t\t\t\t\t\t<\/div>\n\t\t\t\t\t\t\t\n\t\t\t\t\t\t\t\t\t\t\t\t<div class=\"entry-content wd-post-desc\">\n\t\t\t\t\t\tCuando una empresa en Medell\u00edn inicia procesos de contrataci\u00f3n, seguimiento o retiro de personal, uno de los pasos clave es la realizac...\t\t\t\t\t<\/div>\n\t\t\t\t\n\t\t\t\t\t\t\t\t\t\t\t\t\t\t<p class=\"read-more-section\">\n\t\t\t\t\t\t<a class=\"btn-read-more more-link\" href=\"https:\/\/laboravitalips.co\/examenes-medicos-ocupacionales-en-medellin-que-examenes-exige-la-empresa-cuanto-tardan-y-como-elegir-una-ips\/\">Continuar leyendo<\/a>\t\t\t\t\t<\/p>\n\t\t\t\t\t\t\t\t\t\t\t\t\t<\/div>\n\t<\/div>\n<\/article>\n\n\t\t\t\t\t\t\t\t\t\t\t\n<article id=\"post-10790\" class=\"wd-post blog-design-masonry blog-post-loop blog-style-bg wd-add-shadow wd-col post-10790 post type-post status-publish format-standard has-post-thumbnail hentry category-blog\">\n\t<div class=\"article-inner\">\n\t\t<header class=\"entry-header\">\n\t\t\t\t\t\t\t<figure class=\"entry-thumbnail\">\n\t\t\t\t\t\t\t\t\t\t\t<div class=\"post-img-wrapp\">\n\t\t\t\t\t\t\t<a href=\"https:\/\/laboravitalips.co\/cuanto-se-demora-realmente-un-examen-medico-ocupacional-en-medellin-tiempos-de-atencion-y-resultados\/\">\n\t\t\t\t\t\t\t\t<img width=\"1000\" height=\"600\" src=\"https:\/\/laboravitalips.co\/wp-content\/uploads\/2026\/04\/Cuanto-dura-un-examen-medico-ocupacional-en-Medellin2.jpg\" class=\"attachment-large size-large\" alt=\"\" decoding=\"async\" loading=\"lazy\" \/>\t\t\t\t\t\t\t<\/a>\n\t\t\t\t\t\t<\/div>\n\t\t\t\t\t\t<div class=\"post-image-mask\">\n\t\t\t\t\t\t\t<span><\/span>\n\t\t\t\t\t\t<\/div>\n\t\t\t\t\t\t\t\t\t<\/figure>\n\t\t\t\n\t\t\t\t\t\t<div class=\"wd-post-date wd-style-with-bg\">\n\t\t\t\t<span class=\"post-date-day\">\n\t\t\t\t\t09\t\t\t\t<\/span>\n\t\t\t\t<span class=\"post-date-month\">\n\t\t\t\t\tAbr\t\t\t\t<\/span>\n\t\t\t<\/div>\n\t\t\t\t<\/header>\n\n\t\t<div class=\"article-body-container\">\n\t\t\t\t\t\t\t<div class=\"meta-categories-wrapp\">\n\t\t\t\t\t<div class=\"meta-post-categories wd-post-cat wd-style-with-bg\">\n\t\t\t\t\t\t<a href=\"https:\/\/laboravitalips.co\/category\/blog\/\" rel=\"category tag\">Novedades<\/a>\t\t\t\t\t<\/div>\n\t\t\t\t<\/div>\n\t\t\t\n\t\t\t\t\t\t\t<h3 class=\"wd-entities-title title post-title\">\n\t\t\t\t\t<a href=\"https:\/\/laboravitalips.co\/cuanto-se-demora-realmente-un-examen-medico-ocupacional-en-medellin-tiempos-de-atencion-y-resultados\/\" rel=\"bookmark\">\u00bfCu\u00e1nto se demora realmente un examen m\u00e9dico ocupacional en Medell\u00edn? Tiempos de atenci\u00f3n y resultados<\/a>\n\t\t\t\t<\/h3>\n\t\t\t\n\t\t\t\t\t\t\t<div class=\"entry-meta wd-entry-meta\">\n\t\t\t\t\t\t\t\t<ul class=\"entry-meta-list\">\n\t\t\t\t\t\t\t\t\t<li class=\"modified-date\">\n\t\t\t\t\t\t\t\t<time class=\"updated\" datetime=\"2026-04-22T13:01:32-05:00\">\n\t\t\t22 de abril de 2026\t\t<\/time>\n\t\t\t\t\t\t\t<\/li>\n\n\t\t\t\t\t\n\t\t\t\t\t\t\t\t\t\t\t<li class=\"meta-author\">\n\t\t\t\t\t\t\t\t\t\t\t\t<span>Por<\/span>\n\t\t\n\t\t\t\t\t<img alt='author-avatar' src='https:\/\/laboravitalips.co\/wp-content\/litespeed\/avatar\/65754fe80852177a35a063578ea07539.jpg?ver=1787730142' srcset='https:\/\/laboravitalips.co\/wp-content\/litespeed\/avatar\/b55973edca69601e311408762e1d7afd.jpg?ver=1787730142 2x' class='avatar avatar-32 photo' height='32' width='32' loading='lazy' decoding='async'\/>\t\t\n\t\t<a href=\"https:\/\/laboravitalips.co\/author\/nubetec\/\" class=\"author\" rel=\"author\">nubetec<\/a>\n\t\t\t\t\t\t\t\t<\/li>\n\t\t\t\t\t\n\t\t\t\t\t\n\t\t\t\t\t\t\t\t\t\t\t\t<\/ul>\n\t\t\t\t\t\t<\/div>\n\t\t\t\t\t\t\t\n\t\t\t\t\t\t\t\t\t\t\t\t<div class=\"entry-content wd-post-desc\">\n\t\t\t\t\t\tCuando una empresa programa ex\u00e1menes m\u00e9dicos para sus colaboradores o un trabajador necesita realizar su evaluaci\u00f3n ocupacional, una de...\t\t\t\t\t<\/div>\n\t\t\t\t\n\t\t\t\t\t\t\t\t\t\t\t\t\t\t<p class=\"read-more-section\">\n\t\t\t\t\t\t<a class=\"btn-read-more more-link\" href=\"https:\/\/laboravitalips.co\/cuanto-se-demora-realmente-un-examen-medico-ocupacional-en-medellin-tiempos-de-atencion-y-resultados\/\">Continuar leyendo<\/a>\t\t\t\t\t<\/p>\n\t\t\t\t\t\t\t\t\t\t\t\t\t<\/div>\n\t<\/div>\n<\/article>\n\n\t\t\t\t\t\t\t\t\t\t\t\n<article id=\"post-10678\" class=\"wd-post blog-design-masonry blog-post-loop blog-style-bg wd-add-shadow wd-col post-10678 post type-post status-publish format-standard has-post-thumbnail hentry category-blog\">\n\t<div class=\"article-inner\">\n\t\t<header class=\"entry-header\">\n\t\t\t\t\t\t\t<figure class=\"entry-thumbnail\">\n\t\t\t\t\t\t\t\t\t\t\t<div class=\"post-img-wrapp\">\n\t\t\t\t\t\t\t<a href=\"https:\/\/laboravitalips.co\/que-examen-medico-ocupacional-necesita-tu-empresa-segun-el-cargo-y-el-nivel-de-riesgo\/\">\n\t\t\t\t\t\t\t\t<img width=\"1000\" height=\"600\" src=\"https:\/\/laboravitalips.co\/wp-content\/uploads\/2026\/02\/Examenes-medicos-ocupacional-segun-el-cargo-y-el-nivel-de-riesgo.jpg\" class=\"attachment-large size-large\" alt=\"\" decoding=\"async\" loading=\"lazy\" \/>\t\t\t\t\t\t\t<\/a>\n\t\t\t\t\t\t<\/div>\n\t\t\t\t\t\t<div class=\"post-image-mask\">\n\t\t\t\t\t\t\t<span><\/span>\n\t\t\t\t\t\t<\/div>\n\t\t\t\t\t\t\t\t\t<\/figure>\n\t\t\t\n\t\t\t\t\t\t<div class=\"wd-post-date wd-style-with-bg\">\n\t\t\t\t<span class=\"post-date-day\">\n\t\t\t\t\t25\t\t\t\t<\/span>\n\t\t\t\t<span class=\"post-date-month\">\n\t\t\t\t\tMar\t\t\t\t<\/span>\n\t\t\t<\/div>\n\t\t\t\t<\/header>\n\n\t\t<div class=\"article-body-container\">\n\t\t\t\t\t\t\t<div class=\"meta-categories-wrapp\">\n\t\t\t\t\t<div class=\"meta-post-categories wd-post-cat wd-style-with-bg\">\n\t\t\t\t\t\t<a href=\"https:\/\/laboravitalips.co\/category\/blog\/\" rel=\"category tag\">Novedades<\/a>\t\t\t\t\t<\/div>\n\t\t\t\t<\/div>\n\t\t\t\n\t\t\t\t\t\t\t<h3 class=\"wd-entities-title title post-title\">\n\t\t\t\t\t<a href=\"https:\/\/laboravitalips.co\/que-examen-medico-ocupacional-necesita-tu-empresa-segun-el-cargo-y-el-nivel-de-riesgo\/\" rel=\"bookmark\">Qu\u00e9 examen m\u00e9dico ocupacional necesita tu empresa seg\u00fan el cargo y el nivel de riesgo<\/a>\n\t\t\t\t<\/h3>\n\t\t\t\n\t\t\t\t\t\t\t<div class=\"entry-meta wd-entry-meta\">\n\t\t\t\t\t\t\t\t<ul class=\"entry-meta-list\">\n\t\t\t\t\t\t\t\t\t<li class=\"modified-date\">\n\t\t\t\t\t\t\t\t<time class=\"updated\" datetime=\"2026-03-25T13:36:18-05:00\">\n\t\t\t25 de marzo de 2026\t\t<\/time>\n\t\t\t\t\t\t\t<\/li>\n\n\t\t\t\t\t\n\t\t\t\t\t\t\t\t\t\t\t<li class=\"meta-author\">\n\t\t\t\t\t\t\t\t\t\t\t\t<span>Por<\/span>\n\t\t\n\t\t\t\t\t<img alt='author-avatar' src='https:\/\/laboravitalips.co\/wp-content\/litespeed\/avatar\/65754fe80852177a35a063578ea07539.jpg?ver=1787730142' srcset='https:\/\/laboravitalips.co\/wp-content\/litespeed\/avatar\/b55973edca69601e311408762e1d7afd.jpg?ver=1787730142 2x' class='avatar avatar-32 photo' height='32' width='32' loading='lazy' decoding='async'\/>\t\t\n\t\t<a href=\"https:\/\/laboravitalips.co\/author\/nubetec\/\" class=\"author\" rel=\"author\">nubetec<\/a>\n\t\t\t\t\t\t\t\t<\/li>\n\t\t\t\t\t\n\t\t\t\t\t\n\t\t\t\t\t\t\t\t\t\t\t\t<\/ul>\n\t\t\t\t\t\t<\/div>\n\t\t\t\t\t\t\t\n\t\t\t\t\t\t\t\t\t\t\t\t<div class=\"entry-content wd-post-desc\">\n\t\t\t\t\t\tEn muchas empresas, los ex\u00e1menes m\u00e9dicos ocupacionales se gestionan como un requisito administrativo que debe cumplirse durante los pro...\t\t\t\t\t<\/div>\n\t\t\t\t\n\t\t\t\t\t\t\t\t\t\t\t\t\t\t<p class=\"read-more-section\">\n\t\t\t\t\t\t<a class=\"btn-read-more more-link\" href=\"https:\/\/laboravitalips.co\/que-examen-medico-ocupacional-necesita-tu-empresa-segun-el-cargo-y-el-nivel-de-riesgo\/\">Continuar leyendo<\/a>\t\t\t\t\t<\/p>\n\t\t\t\t\t\t\t\t\t\t\t\t\t<\/div>\n\t<\/div>\n<\/article>\n\n\t\t\t\t\t\t\t\t\t\t\t\n<article id=\"post-10676\" class=\"wd-post blog-design-masonry blog-post-loop blog-style-bg wd-add-shadow wd-col post-10676 post type-post status-publish format-standard has-post-thumbnail hentry category-blog\">\n\t<div class=\"article-inner\">\n\t\t<header class=\"entry-header\">\n\t\t\t\t\t\t\t<figure class=\"entry-thumbnail\">\n\t\t\t\t\t\t\t\t\t\t\t<div class=\"post-img-wrapp\">\n\t\t\t\t\t\t\t<a href=\"https:\/\/laboravitalips.co\/examen-medico-ocupacional-no-es-lo-mismo-que-un-chequeo-general-errores-comunes-al-contratarlos\/\">\n\t\t\t\t\t\t\t\t<img width=\"1000\" height=\"600\" src=\"https:\/\/laboravitalips.co\/wp-content\/uploads\/2026\/02\/Examenes-medicos-ocupacional-laboravital.jpg\" class=\"attachment-large size-large\" alt=\"\" decoding=\"async\" loading=\"lazy\" \/>\t\t\t\t\t\t\t<\/a>\n\t\t\t\t\t\t<\/div>\n\t\t\t\t\t\t<div class=\"post-image-mask\">\n\t\t\t\t\t\t\t<span><\/span>\n\t\t\t\t\t\t<\/div>\n\t\t\t\t\t\t\t\t\t<\/figure>\n\t\t\t\n\t\t\t\t\t\t<div class=\"wd-post-date wd-style-with-bg\">\n\t\t\t\t<span class=\"post-date-day\">\n\t\t\t\t\t25\t\t\t\t<\/span>\n\t\t\t\t<span class=\"post-date-month\">\n\t\t\t\t\tMar\t\t\t\t<\/span>\n\t\t\t<\/div>\n\t\t\t\t<\/header>\n\n\t\t<div class=\"article-body-container\">\n\t\t\t\t\t\t\t<div class=\"meta-categories-wrapp\">\n\t\t\t\t\t<div class=\"meta-post-categories wd-post-cat wd-style-with-bg\">\n\t\t\t\t\t\t<a href=\"https:\/\/laboravitalips.co\/category\/blog\/\" rel=\"category tag\">Novedades<\/a>\t\t\t\t\t<\/div>\n\t\t\t\t<\/div>\n\t\t\t\n\t\t\t\t\t\t\t<h3 class=\"wd-entities-title title post-title\">\n\t\t\t\t\t<a href=\"https:\/\/laboravitalips.co\/examen-medico-ocupacional-no-es-lo-mismo-que-un-chequeo-general-errores-comunes-al-contratarlos\/\" rel=\"bookmark\">Examen m\u00e9dico ocupacional no es lo mismo que un chequeo general: errores comunes al contratarlos<\/a>\n\t\t\t\t<\/h3>\n\t\t\t\n\t\t\t\t\t\t\t<div class=\"entry-meta wd-entry-meta\">\n\t\t\t\t\t\t\t\t<ul class=\"entry-meta-list\">\n\t\t\t\t\t\t\t\t\t<li class=\"modified-date\">\n\t\t\t\t\t\t\t\t<time class=\"updated\" datetime=\"2026-03-25T13:32:53-05:00\">\n\t\t\t25 de marzo de 2026\t\t<\/time>\n\t\t\t\t\t\t\t<\/li>\n\n\t\t\t\t\t\n\t\t\t\t\t\t\t\t\t\t\t<li class=\"meta-author\">\n\t\t\t\t\t\t\t\t\t\t\t\t<span>Por<\/span>\n\t\t\n\t\t\t\t\t<img alt='author-avatar' src='https:\/\/laboravitalips.co\/wp-content\/litespeed\/avatar\/65754fe80852177a35a063578ea07539.jpg?ver=1787730142' srcset='https:\/\/laboravitalips.co\/wp-content\/litespeed\/avatar\/b55973edca69601e311408762e1d7afd.jpg?ver=1787730142 2x' class='avatar avatar-32 photo' height='32' width='32' loading='lazy' decoding='async'\/>\t\t\n\t\t<a href=\"https:\/\/laboravitalips.co\/author\/nubetec\/\" class=\"author\" rel=\"author\">nubetec<\/a>\n\t\t\t\t\t\t\t\t<\/li>\n\t\t\t\t\t\n\t\t\t\t\t\n\t\t\t\t\t\t\t\t\t\t\t\t<\/ul>\n\t\t\t\t\t\t<\/div>\n\t\t\t\t\t\t\t\n\t\t\t\t\t\t\t\t\t\t\t\t<div class=\"entry-content wd-post-desc\">\n\t\t\t\t\t\tUno de los errores m\u00e1s frecuentes que cometen empresas, trabajadores independientes e incluso algunos conductores es asumir que un exam...\t\t\t\t\t<\/div>\n\t\t\t\t\n\t\t\t\t\t\t\t\t\t\t\t\t\t\t<p class=\"read-more-section\">\n\t\t\t\t\t\t<a class=\"btn-read-more more-link\" href=\"https:\/\/laboravitalips.co\/examen-medico-ocupacional-no-es-lo-mismo-que-un-chequeo-general-errores-comunes-al-contratarlos\/\">Continuar leyendo<\/a>\t\t\t\t\t<\/p>\n\t\t\t\t\t\t\t\t\t\t\t\t\t<\/div>\n\t<\/div>\n<\/article>\n\n\t\t\t\t\t\n\t\t\t\t\t","status":"have-posts","nextPage":"https:\/\/laboravitalips.co\/category\/blog\/page\/3\/?woo_ajax=1","currentPage":"https:\/\/laboravitalips.co\/category\/blog\/page\/2"}